{"id":477,"date":"2019-01-10T22:26:50","date_gmt":"2019-01-10T22:26:50","guid":{"rendered":"http:\/\/biosfera.org.br\/en\/?p=477"},"modified":"2019-01-10T22:26:50","modified_gmt":"2019-01-10T22:26:50","slug":"altamir-goncalves-da-rosa-count-maringa","status":"publish","type":"post","link":"http:\/\/biosfera.org.br\/en\/altamir-goncalves-da-rosa-count-maringa\/","title":{"rendered":"ALTAMIR GON\u00c7ALVES DA ROSA (count MARING\u00c1)"},"content":{"rendered":"<h3>Regional Director &#8211; Rond\u00f4nia<\/h3>\n<p>Specialist in Public Relations and Institutional Joints. Manager of socio-environmental and cultural programs and projects in the Amazon Region. Recognized as a National Highlight in Sustainable Development.<\/p>\n","protected":false},"excerpt":{"rendered":"<p>Regional Director &#8211; Rond\u00f4nia<br \/>\nSpecialist in Public Relations and Institutional Joints. Manager of socio-environmental and cultural programs and projects in the Amazon Region. Recognized as a National Highlight in Sustainable Development.<\/p>\n","protected":false},"author":1,"featured_media":0,"comment_status":"open","ping_status":"open","sticky":false,"template":"","format":"standard","meta":{"footnotes":""},"categories":[14],"tags":[],"class_list":["post-477","post","type-post","status-publish","format-standard","hentry","category-staff"],"_links":{"self":[{"href":"http:\/\/biosfera.org.br\/en\/wp-json\/wp\/v2\/posts\/477","targetHints":{"allow":["GET"]}}],"collection":[{"href":"http:\/\/biosfera.org.br\/en\/wp-json\/wp\/v2\/posts"}],"about":[{"href":"http:\/\/biosfera.org.br\/en\/wp-json\/wp\/v2\/types\/post"}],"author":[{"embeddable":true,"href":"http:\/\/biosfera.org.br\/en\/wp-json\/wp\/v2\/users\/1"}],"replies":[{"embeddable":true,"href":"http:\/\/biosfera.org.br\/en\/wp-json\/wp\/v2\/comments?post=477"}],"version-history":[{"count":1,"href":"http:\/\/biosfera.org.br\/en\/wp-json\/wp\/v2\/posts\/477\/revisions"}],"predecessor-version":[{"id":478,"href":"http:\/\/biosfera.org.br\/en\/wp-json\/wp\/v2\/posts\/477\/revisions\/478"}],"wp:attachment":[{"href":"http:\/\/biosfera.org.br\/en\/wp-json\/wp\/v2\/media?parent=477"}],"wp:term":[{"taxonomy":"category","embeddable":true,"href":"http:\/\/biosfera.org.br\/en\/wp-json\/wp\/v2\/categories?post=477"},{"taxonomy":"post_tag","embeddable":true,"href":"http:\/\/biosfera.org.br\/en\/wp-json\/wp\/v2\/tags?post=477"}],"curies":[{"name":"wp","href":"https:\/\/api.w.org\/{rel}","templated":true}]}}